{"id":48732,"date":"2023-11-19T12:54:46","date_gmt":"2023-11-19T10:54:46","guid":{"rendered":"https:\/\/www.isolena.com\/akustik-module-konfigurieren\/"},"modified":"2025-02-20T19:23:40","modified_gmt":"2025-02-20T17:23:40","slug":"akustik-module-konfigurieren","status":"publish","type":"post","link":"https:\/\/www.isolena.com\/de\/akustik-module-konfigurieren\/","title":{"rendered":"Silentum Akustik-Module konfigurieren"},"content":{"rendered":"\t\t<div data-elementor-type=\"wp-post\" data-elementor-id=\"48732\" class=\"elementor elementor-48732\" data-elementor-post-type=\"post\">\n\t\t\t\t<div class=\"elementor-element elementor-element-21540a8b thegem-e-con-layout-elementor e-flex e-con-boxed e-con e-parent\" data-id=\"21540a8b\" data-element_type=\"container\" data-e-type=\"container\" data-settings=\"{&quot;thegem_container_layout&quot;:&quot;elementor&quot;}\">\r\n\t\t\t\t\t<div class=\"e-con-inner\">\r\n\t\t\t\t<div class=\"elementor-element elementor-element-28cf476f uael-heading-align-center flex-horizontal-align-default flex-horizontal-align-tablet-default flex-horizontal-align-mobile-default flex-vertical-align-default flex-vertical-align-tablet-default flex-vertical-align-mobile-default elementor-widget elementor-widget-uael-advanced-heading\" data-id=\"28cf476f\" data-element_type=\"widget\" data-e-type=\"widget\" data-widget_type=\"uael-advanced-heading.default\">\n\t\t\t\t<div class=\"elementor-widget-container\">\n\t\t\t\t\t\n\t\t<div class=\"uael-module-content uael-heading-wrapper\">\n\t\t\t\t\t\t<div class=\"uael-module-content uael-separator-parent\">\n\t\t\t\t\t\t\t\t<div class=\"uael-separator-wrap\">\n\t\t\t\t\t<div class=\"uael-separator-line uael-side-left\">\n\t\t\t\t\t\t<span><\/span>\n\t\t\t\t\t<\/div>\n\t\t\t\t\t<div class=\"uael-divider-content\">\n\t\t\t\t\t\t\t\t\t<div class=\"uael-module-content uael-imgicon-wrap elementor-animation-\">\t\t\t\t\t\t\t\t\t\t\t\t\t\t\t<div class=\"uael-icon-wrap\">\n\t\t\t\t\t\t\t\t<span class=\"uael-icon\">\n\t\t\t\t\t\t\t\t\t<svg aria-hidden=\"true\" class=\"e-font-icon-svg e-fas-ellipsis-h\" viewBox=\"0 0 512 512\" xmlns=\"http:\/\/www.w3.org\/2000\/svg\"><path d=\"M328 256c0 39.8-32.2 72-72 72s-72-32.2-72-72 32.2-72 72-72 72 32.2 72 72zm104-72c-39.8 0-72 32.2-72 72s32.2 72 72 72 72-32.2 72-72-32.2-72-72-72zm-352 0c-39.8 0-72 32.2-72 72s32.2 72 72 72 72-32.2 72-72-32.2-72-72-72z\"><\/path><\/svg>\n\t\t\t\t\t\t\t\t<\/span>\n\t\t\t\t\t\t\t<\/div>\n\t\t\t\t\t\t\t\n\t\t\t\t\t\t\t\t\t\t\t<\/div>\n\t\t\t\t\t\t\t\t\t\n\t\t\t\t\t<\/div>\n\t\t\t\t\t<div class=\"uael-separator-line uael-side-right\">\n\t\t\t\t\t\t<span><\/span>\n\t\t\t\t\t<\/div>\n\t\t\t\t<\/div>\n\t\t\t\t\t\t\t\t\t\t<\/div>\n\t\t\t\t\t\t\n\t\t\t<h2 class=\"uael-heading\">\n\t\t\t\t\t\t\t\t\t\t<span class=\"uael-heading-text elementor-inline-editing uael-size--default\" data-elementor-setting-key=\"heading_title\" data-elementor-inline-editing-toolbar=\"basic\">Wie konfiguriere ich meine Akustikmodule?<\/span>\n\t\t\t\t\t\t\t<\/h2>\n\n\t\t\t\n\t\t\t\n\t\t\t\n\t\t\t\t\t\t<\/div>\n\t\t\t\t\t\t<\/div>\n\t\t\t\t<\/div>\n\t\t\t\t<div class=\"elementor-element elementor-element-32ae36a0 flex-horizontal-align-default flex-horizontal-align-tablet-default flex-horizontal-align-mobile-default flex-vertical-align-default flex-vertical-align-tablet-default flex-vertical-align-mobile-default elementor-widget elementor-widget-text-editor\" data-id=\"32ae36a0\" data-element_type=\"widget\" data-e-type=\"widget\" data-widget_type=\"text-editor.default\">\n\t\t\t\t<div class=\"elementor-widget-container\">\n\t\t\t\t\t\t\t\t\t\t\t\t<div class=\"elementor-text-editor elementor-clearfix\">\r\n\t\t\t\t\t\t<p style=\"text-align: left;\">Das kostenlose <b>Online-Tool draw.io <\/b>erm\u00f6glicht es dir, deine Modul-W\u00fcnsche digital &#8216;zu Papier zu bringen&#8217;. Es ist einfach zu bedienen und du kannst es kostenlos auf deinen Computer herunterladen oder online im Browser verwenden.<\/p><p style=\"text-align: left;\">Damit du gleich loslegen kannst, haben wir dir den Download-Link zum Tool sowie unsere Bibliotheken mit den verschiedenen Farben und Gr\u00f6\u00dfen unserer Akustikmodule bereitgestellt. Somit steht deiner Kreativit\u00e4t nichts mehr im Weg. Bist du mit deiner Kreation zufrieden, nimm gerne mit uns Kontakt auf oder bestelle deine Akustikpaneel-Zusammenstellung gleich direkt.<\/p>\t\t\t\t\t\t\t<\/div>\r\n\t\t\t\t\t\t\t\t\t\t<\/div>\n\t\t\t\t<\/div>\n\t\t\t\t\t<\/div>\n\t\t\t\t<\/div>\n\t\t<div class=\"elementor-element elementor-element-401f2cef e-con-full thegem-e-con-layout-elementor e-flex e-con e-child\" data-id=\"401f2cef\" data-element_type=\"container\" data-e-type=\"container\" data-settings=\"{&quot;background_background&quot;:&quot;classic&quot;,&quot;thegem_container_layout&quot;:&quot;elementor&quot;}\">\r\n\t\t<div class=\"elementor-element elementor-element-407c0a85 e-con-full thegem-e-con-layout-elementor e-flex e-con e-child\" data-id=\"407c0a85\" data-element_type=\"container\" data-e-type=\"container\" data-settings=\"{&quot;background_background&quot;:&quot;classic&quot;,&quot;thegem_container_layout&quot;:&quot;elementor&quot;}\">\r\n\t\t\t\t<div class=\"elementor-element elementor-element-7d325aec flex-horizontal-align-default flex-horizontal-align-tablet-default flex-horizontal-align-mobile-default flex-vertical-align-default flex-vertical-align-tablet-default flex-vertical-align-mobile-default elementor-widget elementor-widget-image\" data-id=\"7d325aec\" data-element_type=\"widget\" data-e-type=\"widget\" data-widget_type=\"image.default\">\n\t\t\t\t<div class=\"elementor-widget-container\">\n\t\t\t\t\t\t\t\t\t\t\t\t\t\t\t\t<a href=\"https:\/\/www.isolena.com\/wp-content\/uploads\/2023\/11\/sa-bibliothek-importieren.jpg\" data-elementor-open-lightbox=\"yes\" data-elementor-lightbox-description=\"Bibliothek importieren\" data-e-action-hash=\"#elementor-action%3Aaction%3Dlightbox%26settings%3DeyJpZCI6NDg3NTcsInVybCI6Imh0dHBzOlwvXC93d3cuaXNvbGVuYS5jb21cL3dwLWNvbnRlbnRcL3VwbG9hZHNcLzIwMjNcLzExXC9zYS1iaWJsaW90aGVrLWltcG9ydGllcmVuLmpwZyJ9\">\n\t\t\t\t\t\t\t<img fetchpriority=\"high\" width=\"1000\" height=\"800\" src=\"https:\/\/www.isolena.com\/wp-content\/uploads\/2023\/11\/sa-bibliothek-importieren.jpg\" class=\"attachment-large size-large wp-image-48757\" alt=\"Bibliothek importieren\" srcset=\"https:\/\/www.isolena.com\/wp-content\/uploads\/2023\/11\/sa-bibliothek-importieren.jpg 1000w, https:\/\/www.isolena.com\/wp-content\/uploads\/2023\/11\/sa-bibliothek-importieren-300x240.jpg 300w, https:\/\/www.isolena.com\/wp-content\/uploads\/2023\/11\/sa-bibliothek-importieren-768x614.jpg 768w, https:\/\/www.isolena.com\/wp-content\/uploads\/2023\/11\/sa-bibliothek-importieren-15x12.jpg 15w\" sizes=\"(max-width: 1000px) 100vw, 1000px\" \/>\t\t\t\t\t\t\t\t<\/a>\n\t\t\t\t\t\t\t\t\t\t\t\t\t\t\t<\/div>\n\t\t\t\t<\/div>\n\t\t\t\t<\/div>\n\t\t<div class=\"elementor-element elementor-element-4291a3d0 e-con-full thegem-e-con-layout-elementor e-flex e-con e-child\" data-id=\"4291a3d0\" data-element_type=\"container\" data-e-type=\"container\" data-settings=\"{&quot;background_background&quot;:&quot;classic&quot;,&quot;thegem_container_layout&quot;:&quot;elementor&quot;}\">\r\n\t\t\t\t<div class=\"elementor-element elementor-element-55886da6 flex-horizontal-align-default flex-horizontal-align-tablet-default flex-horizontal-align-mobile-default flex-vertical-align-default flex-vertical-align-tablet-default flex-vertical-align-mobile-default elementor-widget elementor-widget-text-editor\" data-id=\"55886da6\" data-element_type=\"widget\" data-e-type=\"widget\" data-widget_type=\"text-editor.default\">\n\t\t\t\t<div class=\"elementor-widget-container\">\n\t\t\t\t\t\t\t\t\t\t\t\t<div class=\"elementor-text-editor elementor-clearfix\">\r\n\t\t\t\t\t\t<p><strong>Bibliothek importieren<\/strong><\/p><p>Nachdem du das Programm ge\u00f6ffnet hast, ist es notwendig, die Bibliotheken mit den Akustikmodulen in die Vorlage zu importieren. Hierf\u00fcr gehst du mit der Maus auf \u201eDatei\u201c, \u201eBibliothek \u00f6ffnen\u201c und w\u00e4hlst dann die Module in deinr Wunschfarbe aus und \u00f6ffnest anschlie\u00dfend die Datei. Diesen Vorgang wiederholst du f\u00fcr alle Farben der Paneele sowie die Lamellen. Am Ende sollten 16 Bibliotheken in der Seitenleiste zu sehen sein.<\/p>\t\t\t\t\t\t\t<\/div>\r\n\t\t\t\t\t\t\t\t\t\t<\/div>\n\t\t\t\t<\/div>\n\t\t\t\t<\/div>\n\t\t\t\t<\/div>\n\t\t<div class=\"elementor-element elementor-element-21e4febe e-con-full thegem-e-con-layout-elementor e-flex e-con e-parent\" data-id=\"21e4febe\" data-element_type=\"container\" data-e-type=\"container\" data-settings=\"{&quot;background_background&quot;:&quot;classic&quot;,&quot;thegem_container_layout&quot;:&quot;elementor&quot;}\">\r\n\t\t<div class=\"elementor-element elementor-element-1f49dd93 e-con-full thegem-e-con-layout-elementor e-flex e-con e-child\" data-id=\"1f49dd93\" data-element_type=\"container\" data-e-type=\"container\" data-settings=\"{&quot;thegem_container_layout&quot;:&quot;elementor&quot;}\">\r\n\t\t\t\t<div class=\"elementor-element elementor-element-50ea39ac flex-horizontal-align-default flex-horizontal-align-tablet-default flex-horizontal-align-mobile-default flex-vertical-align-default flex-vertical-align-tablet-default flex-vertical-align-mobile-default elementor-widget elementor-widget-text-editor\" data-id=\"50ea39ac\" data-element_type=\"widget\" data-e-type=\"widget\" data-widget_type=\"text-editor.default\">\n\t\t\t\t<div class=\"elementor-widget-container\">\n\t\t\t\t\t\t\t\t\t\t\t\t<div class=\"elementor-text-editor elementor-clearfix\">\r\n\t\t\t\t\t\t<p><strong>Startseite draw.io<\/strong><\/p><p>Nachdem alle Bibliotheken importiert sind, siehst du in der linken Seitenleiste alle Farben der Paneele und Lamelle und du kannst diese mit den Pfeilen \u00f6ffnen und schlie\u00dfen. Im Grunde ben\u00f6tigst du keine zus\u00e4tzlichen Funktionen oder Werkzeuge und kannst sofort mit der Konfiguration loslegen. Vorher erl\u00e4utern wir aber noch die verschiedenen Modulgr\u00f6\u00dfen.<\/p>\t\t\t\t\t\t\t<\/div>\r\n\t\t\t\t\t\t\t\t\t\t<\/div>\n\t\t\t\t<\/div>\n\t\t\t\t<\/div>\n\t\t<div class=\"elementor-element elementor-element-45b30876 e-con-full thegem-e-con-layout-elementor e-flex e-con e-child\" data-id=\"45b30876\" data-element_type=\"container\" data-e-type=\"container\" data-settings=\"{&quot;background_background&quot;:&quot;classic&quot;,&quot;thegem_container_layout&quot;:&quot;elementor&quot;}\">\r\n\t\t\t\t<div class=\"elementor-element elementor-element-32965366 flex-horizontal-align-default flex-horizontal-align-tablet-default flex-horizontal-align-mobile-default flex-vertical-align-default flex-vertical-align-tablet-default flex-vertical-align-mobile-default elementor-widget elementor-widget-image\" data-id=\"32965366\" data-element_type=\"widget\" data-e-type=\"widget\" data-widget_type=\"image.default\">\n\t\t\t\t<div class=\"elementor-widget-container\">\n\t\t\t\t\t\t\t\t\t\t\t\t\t\t\t\t<a href=\"https:\/\/www.isolena.com\/wp-content\/uploads\/2023\/11\/sa-startseite-drawio.jpg\" data-elementor-open-lightbox=\"yes\" data-elementor-lightbox-description=\"Startseite draw.io\" data-e-action-hash=\"#elementor-action%3Aaction%3Dlightbox%26settings%3DeyJpZCI6NDg3NjksInVybCI6Imh0dHBzOlwvXC93d3cuaXNvbGVuYS5jb21cL3dwLWNvbnRlbnRcL3VwbG9hZHNcLzIwMjNcLzExXC9zYS1zdGFydHNlaXRlLWRyYXdpby5qcGcifQ%3D%3D\">\n\t\t\t\t\t\t\t<img width=\"1000\" height=\"800\" src=\"https:\/\/www.isolena.com\/wp-content\/uploads\/2023\/11\/sa-startseite-drawio.jpg\" class=\"attachment-large size-large wp-image-48769\" alt=\"\" srcset=\"https:\/\/www.isolena.com\/wp-content\/uploads\/2023\/11\/sa-startseite-drawio.jpg 1000w, https:\/\/www.isolena.com\/wp-content\/uploads\/2023\/11\/sa-startseite-drawio-300x240.jpg 300w, https:\/\/www.isolena.com\/wp-content\/uploads\/2023\/11\/sa-startseite-drawio-768x614.jpg 768w, https:\/\/www.isolena.com\/wp-content\/uploads\/2023\/11\/sa-startseite-drawio-15x12.jpg 15w\" sizes=\"(max-width: 1000px) 100vw, 1000px\" \/>\t\t\t\t\t\t\t\t<\/a>\n\t\t\t\t\t\t\t\t\t\t\t\t\t\t\t<\/div>\n\t\t\t\t<\/div>\n\t\t\t\t<\/div>\n\t\t\t\t<\/div>\n\t\t<div class=\"elementor-element elementor-element-70abeb9c e-con-full thegem-e-con-layout-elementor e-flex e-con e-child\" data-id=\"70abeb9c\" data-element_type=\"container\" data-e-type=\"container\" data-settings=\"{&quot;background_background&quot;:&quot;classic&quot;,&quot;thegem_container_layout&quot;:&quot;elementor&quot;}\">\r\n\t\t<div class=\"elementor-element elementor-element-3d8daa85 e-con-full thegem-e-con-layout-elementor e-flex e-con e-child\" data-id=\"3d8daa85\" data-element_type=\"container\" data-e-type=\"container\" data-settings=\"{&quot;background_background&quot;:&quot;classic&quot;,&quot;thegem_container_layout&quot;:&quot;elementor&quot;}\">\r\n\t\t\t\t<div class=\"elementor-element elementor-element-643902f5 flex-horizontal-align-default flex-horizontal-align-tablet-default flex-horizontal-align-mobile-default flex-vertical-align-default flex-vertical-align-tablet-default flex-vertical-align-mobile-default elementor-widget elementor-widget-image\" data-id=\"643902f5\" data-element_type=\"widget\" data-e-type=\"widget\" data-widget_type=\"image.default\">\n\t\t\t\t<div class=\"elementor-widget-container\">\n\t\t\t\t\t\t\t\t\t\t\t\t\t\t\t\t<a href=\"https:\/\/www.isolena.com\/wp-content\/uploads\/2023\/11\/sa-modulgroesse-1-3.jpg\" data-elementor-open-lightbox=\"yes\" data-elementor-lightbox-description=\"Modulgr\u00f6\u00dfe-1-3\" data-e-action-hash=\"#elementor-action%3Aaction%3Dlightbox%26settings%3DeyJpZCI6NDg3NzAsInVybCI6Imh0dHBzOlwvXC93d3cuaXNvbGVuYS5jb21cL3dwLWNvbnRlbnRcL3VwbG9hZHNcLzIwMjNcLzExXC9zYS1tb2R1bGdyb2Vzc2UtMS0zLmpwZyJ9\">\n\t\t\t\t\t\t\t<img width=\"1000\" height=\"800\" src=\"https:\/\/www.isolena.com\/wp-content\/uploads\/2023\/11\/sa-modulgroesse-1-3.jpg\" class=\"attachment-large size-large wp-image-48770\" alt=\"Modulgr\u00f6\u00dfe-1-3\" srcset=\"https:\/\/www.isolena.com\/wp-content\/uploads\/2023\/11\/sa-modulgroesse-1-3.jpg 1000w, https:\/\/www.isolena.com\/wp-content\/uploads\/2023\/11\/sa-modulgroesse-1-3-300x240.jpg 300w, https:\/\/www.isolena.com\/wp-content\/uploads\/2023\/11\/sa-modulgroesse-1-3-768x614.jpg 768w, https:\/\/www.isolena.com\/wp-content\/uploads\/2023\/11\/sa-modulgroesse-1-3-15x12.jpg 15w\" sizes=\"(max-width: 1000px) 100vw, 1000px\" \/>\t\t\t\t\t\t\t\t<\/a>\n\t\t\t\t\t\t\t\t\t\t\t\t\t\t\t<\/div>\n\t\t\t\t<\/div>\n\t\t\t\t<\/div>\n\t\t<div class=\"elementor-element elementor-element-6dfacd64 e-con-full thegem-e-con-layout-elementor e-flex e-con e-child\" data-id=\"6dfacd64\" data-element_type=\"container\" data-e-type=\"container\" data-settings=\"{&quot;background_background&quot;:&quot;classic&quot;,&quot;thegem_container_layout&quot;:&quot;elementor&quot;}\">\r\n\t\t\t\t<div class=\"elementor-element elementor-element-1e406764 flex-horizontal-align-default flex-horizontal-align-tablet-default flex-horizontal-align-mobile-default flex-vertical-align-default flex-vertical-align-tablet-default flex-vertical-align-mobile-default elementor-widget elementor-widget-text-editor\" data-id=\"1e406764\" data-element_type=\"widget\" data-e-type=\"widget\" data-widget_type=\"text-editor.default\">\n\t\t\t\t<div class=\"elementor-widget-container\">\n\t\t\t\t\t\t\t\t\t\t\t\t<div class=\"elementor-text-editor elementor-clearfix\">\r\n\t\t\t\t\t\t<p><strong>Modulgr\u00f6\u00dfe 1-3<\/strong><\/p>\n<p>Hier siehst du die Modulgr\u00f6\u00dfen 1-3 abgebildet, welche bei jedem Filz- und Lamellenpaneel ausgew\u00e4hlt werden k\u00f6nnen. Die Filzma\u00dfe der hier angezeigten Module sind wie folgt:<\/p>\n<ul>\n<li>Modul 1 60 x 60 cm<\/li>\n<li>Modul 2 60 x 120 cm<\/li>\n<li>Modul 3&nbsp;60 x 180 cm<\/li>\n<\/ul>\t\t\t\t\t\t\t<\/div>\r\n\t\t\t\t\t\t\t\t\t\t<\/div>\n\t\t\t\t<\/div>\n\t\t\t\t<\/div>\n\t\t\t\t<\/div>\n\t\t<div class=\"elementor-element elementor-element-12284728 e-con-full thegem-e-con-layout-elementor e-flex e-con e-parent\" data-id=\"12284728\" data-element_type=\"container\" data-e-type=\"container\" data-settings=\"{&quot;background_background&quot;:&quot;classic&quot;,&quot;thegem_container_layout&quot;:&quot;elementor&quot;}\">\r\n\t\t<div class=\"elementor-element elementor-element-4670685 e-con-full thegem-e-con-layout-elementor e-flex e-con e-child\" data-id=\"4670685\" data-element_type=\"container\" data-e-type=\"container\" data-settings=\"{&quot;thegem_container_layout&quot;:&quot;elementor&quot;}\">\r\n\t\t\t\t<div class=\"elementor-element elementor-element-34e3b232 flex-horizontal-align-default flex-horizontal-align-tablet-default flex-horizontal-align-mobile-default flex-vertical-align-default flex-vertical-align-tablet-default flex-vertical-align-mobile-default elementor-widget elementor-widget-text-editor\" data-id=\"34e3b232\" data-element_type=\"widget\" data-e-type=\"widget\" data-widget_type=\"text-editor.default\">\n\t\t\t\t<div class=\"elementor-widget-container\">\n\t\t\t\t\t\t\t\t\t\t\t\t<div class=\"elementor-text-editor elementor-clearfix\">\r\n\t\t\t\t\t\t<p><strong>Modulgr\u00f6\u00dfen 6 &amp; 7<\/strong><\/p><p>Auf diesem Bild sind die Module 6 und 7 der Filz und Lamellenpaneele abgebildet. Die Ma\u00dfe dieser Module sind:<\/p><ul><li>Modul 6: 120&#215;120 cm<\/li><li>Modul 7: 120&#215;180 cm<\/li><\/ul>\t\t\t\t\t\t\t<\/div>\r\n\t\t\t\t\t\t\t\t\t\t<\/div>\n\t\t\t\t<\/div>\n\t\t\t\t<\/div>\n\t\t<div class=\"elementor-element elementor-element-362b2842 e-con-full thegem-e-con-layout-elementor e-flex e-con e-child\" data-id=\"362b2842\" data-element_type=\"container\" data-e-type=\"container\" data-settings=\"{&quot;background_background&quot;:&quot;classic&quot;,&quot;thegem_container_layout&quot;:&quot;elementor&quot;}\">\r\n\t\t\t\t<div class=\"elementor-element elementor-element-7cbf8baf flex-horizontal-align-default flex-horizontal-align-tablet-default flex-horizontal-align-mobile-default flex-vertical-align-default flex-vertical-align-tablet-default flex-vertical-align-mobile-default elementor-widget elementor-widget-image\" data-id=\"7cbf8baf\" data-element_type=\"widget\" data-e-type=\"widget\" data-widget_type=\"image.default\">\n\t\t\t\t<div class=\"elementor-widget-container\">\n\t\t\t\t\t\t\t\t\t\t\t\t\t\t\t\t<a href=\"https:\/\/www.isolena.com\/wp-content\/uploads\/2023\/11\/modulgroessen-6-7.jpg\" data-elementor-open-lightbox=\"yes\" data-elementor-lightbox-description=\"Modulgr\u00f6ssen 6 und 7\" data-e-action-hash=\"#elementor-action%3Aaction%3Dlightbox%26settings%3DeyJpZCI6NDg3NTYsInVybCI6Imh0dHBzOlwvXC93d3cuaXNvbGVuYS5jb21cL3dwLWNvbnRlbnRcL3VwbG9hZHNcLzIwMjNcLzExXC9tb2R1bGdyb2Vzc2VuLTYtNy5qcGcifQ%3D%3D\">\n\t\t\t\t\t\t\t<img loading=\"lazy\" width=\"1000\" height=\"800\" src=\"https:\/\/www.isolena.com\/wp-content\/uploads\/2023\/11\/modulgroessen-6-7.jpg\" class=\"attachment-large size-large wp-image-48756\" alt=\"Modulgr\u00f6ssen 6 und 7\" srcset=\"https:\/\/www.isolena.com\/wp-content\/uploads\/2023\/11\/modulgroessen-6-7.jpg 1000w, https:\/\/www.isolena.com\/wp-content\/uploads\/2023\/11\/modulgroessen-6-7-300x240.jpg 300w, https:\/\/www.isolena.com\/wp-content\/uploads\/2023\/11\/modulgroessen-6-7-768x614.jpg 768w, https:\/\/www.isolena.com\/wp-content\/uploads\/2023\/11\/modulgroessen-6-7-15x12.jpg 15w\" sizes=\"(max-width: 1000px) 100vw, 1000px\" \/>\t\t\t\t\t\t\t\t<\/a>\n\t\t\t\t\t\t\t\t\t\t\t\t\t\t\t<\/div>\n\t\t\t\t<\/div>\n\t\t\t\t<\/div>\n\t\t\t\t<\/div>\n\t\t<div class=\"elementor-element elementor-element-78f73111 e-con-full thegem-e-con-layout-elementor e-flex e-con e-child\" data-id=\"78f73111\" data-element_type=\"container\" data-e-type=\"container\" data-settings=\"{&quot;background_background&quot;:&quot;classic&quot;,&quot;thegem_container_layout&quot;:&quot;elementor&quot;}\">\r\n\t\t<div class=\"elementor-element elementor-element-25628fdb e-con-full thegem-e-con-layout-elementor e-flex e-con e-child\" data-id=\"25628fdb\" data-element_type=\"container\" data-e-type=\"container\" data-settings=\"{&quot;background_background&quot;:&quot;classic&quot;,&quot;thegem_container_layout&quot;:&quot;elementor&quot;}\">\r\n\t\t\t\t<div class=\"elementor-element elementor-element-38bf30b0 flex-horizontal-align-default flex-horizontal-align-tablet-default flex-horizontal-align-mobile-default flex-vertical-align-default flex-vertical-align-tablet-default flex-vertical-align-mobile-default elementor-widget elementor-widget-image\" data-id=\"38bf30b0\" data-element_type=\"widget\" data-e-type=\"widget\" data-widget_type=\"image.default\">\n\t\t\t\t<div class=\"elementor-widget-container\">\n\t\t\t\t\t\t\t\t\t\t\t\t\t\t\t\t<a href=\"https:\/\/www.isolena.com\/wp-content\/uploads\/2023\/11\/sa-modulauswahl.jpg\" data-elementor-open-lightbox=\"yes\" data-elementor-lightbox-description=\"Modulauswahl\" data-e-action-hash=\"#elementor-action%3Aaction%3Dlightbox%26settings%3DeyJpZCI6NDg3NzEsInVybCI6Imh0dHBzOlwvXC93d3cuaXNvbGVuYS5jb21cL3dwLWNvbnRlbnRcL3VwbG9hZHNcLzIwMjNcLzExXC9zYS1tb2R1bGF1c3dhaGwuanBnIn0%3D\">\n\t\t\t\t\t\t\t<img loading=\"lazy\" width=\"1000\" height=\"800\" src=\"https:\/\/www.isolena.com\/wp-content\/uploads\/2023\/11\/sa-modulauswahl.jpg\" class=\"attachment-large size-large wp-image-48771\" alt=\"Modulauswahl\" srcset=\"https:\/\/www.isolena.com\/wp-content\/uploads\/2023\/11\/sa-modulauswahl.jpg 1000w, https:\/\/www.isolena.com\/wp-content\/uploads\/2023\/11\/sa-modulauswahl-300x240.jpg 300w, https:\/\/www.isolena.com\/wp-content\/uploads\/2023\/11\/sa-modulauswahl-768x614.jpg 768w, https:\/\/www.isolena.com\/wp-content\/uploads\/2023\/11\/sa-modulauswahl-15x12.jpg 15w\" sizes=\"(max-width: 1000px) 100vw, 1000px\" \/>\t\t\t\t\t\t\t\t<\/a>\n\t\t\t\t\t\t\t\t\t\t\t\t\t\t\t<\/div>\n\t\t\t\t<\/div>\n\t\t\t\t<\/div>\n\t\t<div class=\"elementor-element elementor-element-6abbfced e-con-full thegem-e-con-layout-elementor e-flex e-con e-child\" data-id=\"6abbfced\" data-element_type=\"container\" data-e-type=\"container\" data-settings=\"{&quot;background_background&quot;:&quot;classic&quot;,&quot;thegem_container_layout&quot;:&quot;elementor&quot;}\">\r\n\t\t\t\t<div class=\"elementor-element elementor-element-1a3d2d11 flex-horizontal-align-default flex-horizontal-align-tablet-default flex-horizontal-align-mobile-default flex-vertical-align-default flex-vertical-align-tablet-default flex-vertical-align-mobile-default elementor-widget elementor-widget-text-editor\" data-id=\"1a3d2d11\" data-element_type=\"widget\" data-e-type=\"widget\" data-widget_type=\"text-editor.default\">\n\t\t\t\t<div class=\"elementor-widget-container\">\n\t\t\t\t\t\t\t\t\t\t\t\t<div class=\"elementor-text-editor elementor-clearfix\">\r\n\t\t\t\t\t\t<p><strong>Modulauswahl<\/strong><\/p><p>Sobald du dich f\u00fcr eine Farbe entschieden hast, klickst du das gew\u00fcnschte Modul an und es erscheint im Zeichenblatt. Nun kannst du das Paneel so anordnen, wie du es gerne haben m\u00f6chtest &#8211; egal ob vertikal oder horizontal. Es ist auch m\u00f6glich, mehrere Paneele nebeneinander zu stellen oder einfarbige Paneele mit den Lamellen zu kombinieren.<\/p>\t\t\t\t\t\t\t<\/div>\r\n\t\t\t\t\t\t\t\t\t\t<\/div>\n\t\t\t\t<\/div>\n\t\t\t\t<\/div>\n\t\t\t\t<\/div>\n\t\t<div class=\"elementor-element elementor-element-43aa17b2 e-con-full thegem-e-con-layout-elementor e-flex e-con e-parent\" data-id=\"43aa17b2\" data-element_type=\"container\" data-e-type=\"container\" data-settings=\"{&quot;background_background&quot;:&quot;classic&quot;,&quot;thegem_container_layout&quot;:&quot;elementor&quot;}\">\r\n\t\t<div class=\"elementor-element elementor-element-2a4f111b e-con-full thegem-e-con-layout-elementor e-flex e-con e-child\" data-id=\"2a4f111b\" data-element_type=\"container\" data-e-type=\"container\" data-settings=\"{&quot;thegem_container_layout&quot;:&quot;elementor&quot;}\">\r\n\t\t\t\t<div class=\"elementor-element elementor-element-71bebec6 flex-horizontal-align-default flex-horizontal-align-tablet-default flex-horizontal-align-mobile-default flex-vertical-align-default flex-vertical-align-tablet-default flex-vertical-align-mobile-default elementor-widget elementor-widget-text-editor\" data-id=\"71bebec6\" data-element_type=\"widget\" data-e-type=\"widget\" data-widget_type=\"text-editor.default\">\n\t\t\t\t<div class=\"elementor-widget-container\">\n\t\t\t\t\t\t\t\t\t\t\t\t<div class=\"elementor-text-editor elementor-clearfix\">\r\n\t\t\t\t\t\t<p><strong>Beispiel Konfiguration<\/strong><\/p><p>Wir haben uns f\u00fcr diese Zusammenstellung entschieden und haben dabei folgende Filze und Module verwendet:<\/p><p>TU010 M3, 3x SW M1V und TU010 M4<\/p>\t\t\t\t\t\t\t<\/div>\r\n\t\t\t\t\t\t\t\t\t\t<\/div>\n\t\t\t\t<\/div>\n\t\t\t\t<\/div>\n\t\t<div class=\"elementor-element elementor-element-475ec695 e-con-full thegem-e-con-layout-elementor e-flex e-con e-child\" data-id=\"475ec695\" data-element_type=\"container\" data-e-type=\"container\" data-settings=\"{&quot;background_background&quot;:&quot;classic&quot;,&quot;thegem_container_layout&quot;:&quot;elementor&quot;}\">\r\n\t\t\t\t<div class=\"elementor-element elementor-element-30bcaeaf flex-horizontal-align-default flex-horizontal-align-tablet-default flex-horizontal-align-mobile-default flex-vertical-align-default flex-vertical-align-tablet-default flex-vertical-align-mobile-default elementor-widget elementor-widget-image\" data-id=\"30bcaeaf\" data-element_type=\"widget\" data-e-type=\"widget\" data-widget_type=\"image.default\">\n\t\t\t\t<div class=\"elementor-widget-container\">\n\t\t\t\t\t\t\t\t\t\t\t\t\t\t\t\t<a href=\"https:\/\/www.isolena.com\/wp-content\/uploads\/2023\/11\/sa-beispielkonfiguration.jpg\" data-elementor-open-lightbox=\"yes\" data-elementor-lightbox-description=\"Beispielkonfiguration\" data-e-action-hash=\"#elementor-action%3Aaction%3Dlightbox%26settings%3DeyJpZCI6NDg3NzIsInVybCI6Imh0dHBzOlwvXC93d3cuaXNvbGVuYS5jb21cL3dwLWNvbnRlbnRcL3VwbG9hZHNcLzIwMjNcLzExXC9zYS1iZWlzcGllbGtvbmZpZ3VyYXRpb24uanBnIn0%3D\">\n\t\t\t\t\t\t\t<img loading=\"lazy\" width=\"1000\" height=\"800\" src=\"https:\/\/www.isolena.com\/wp-content\/uploads\/2023\/11\/sa-beispielkonfiguration.jpg\" class=\"attachment-large size-large wp-image-48772\" alt=\"\" srcset=\"https:\/\/www.isolena.com\/wp-content\/uploads\/2023\/11\/sa-beispielkonfiguration.jpg 1000w, https:\/\/www.isolena.com\/wp-content\/uploads\/2023\/11\/sa-beispielkonfiguration-300x240.jpg 300w, https:\/\/www.isolena.com\/wp-content\/uploads\/2023\/11\/sa-beispielkonfiguration-768x614.jpg 768w, https:\/\/www.isolena.com\/wp-content\/uploads\/2023\/11\/sa-beispielkonfiguration-15x12.jpg 15w\" sizes=\"(max-width: 1000px) 100vw, 1000px\" \/>\t\t\t\t\t\t\t\t<\/a>\n\t\t\t\t\t\t\t\t\t\t\t\t\t\t\t<\/div>\n\t\t\t\t<\/div>\n\t\t\t\t<\/div>\n\t\t\t\t<\/div>\n\t\t<div class=\"elementor-element elementor-element-24173b5e e-con-full thegem-e-con-layout-elementor e-flex e-con e-child\" data-id=\"24173b5e\" data-element_type=\"container\" data-e-type=\"container\" data-settings=\"{&quot;background_background&quot;:&quot;classic&quot;,&quot;thegem_container_layout&quot;:&quot;elementor&quot;}\">\r\n\t\t<div class=\"elementor-element elementor-element-18b9aa93 e-con-full thegem-e-con-layout-elementor e-flex e-con e-child\" data-id=\"18b9aa93\" data-element_type=\"container\" data-e-type=\"container\" data-settings=\"{&quot;background_background&quot;:&quot;classic&quot;,&quot;thegem_container_layout&quot;:&quot;elementor&quot;}\">\r\n\t\t\t\t<div class=\"elementor-element elementor-element-3d8cf76d flex-horizontal-align-default flex-horizontal-align-tablet-default flex-horizontal-align-mobile-default flex-vertical-align-default flex-vertical-align-tablet-default flex-vertical-align-mobile-default elementor-widget elementor-widget-image\" data-id=\"3d8cf76d\" data-element_type=\"widget\" data-e-type=\"widget\" data-widget_type=\"image.default\">\n\t\t\t\t<div class=\"elementor-widget-container\">\n\t\t\t\t\t\t\t\t\t\t\t\t\t\t\t\t<a href=\"https:\/\/www.isolena.com\/wp-content\/uploads\/2023\/11\/sa-zusammenstellung-exportieren.jpg\" data-elementor-open-lightbox=\"yes\" data-elementor-lightbox-description=\"Zusammenstellung exportieren\" data-e-action-hash=\"#elementor-action%3Aaction%3Dlightbox%26settings%3DeyJpZCI6NDg3NzMsInVybCI6Imh0dHBzOlwvXC93d3cuaXNvbGVuYS5jb21cL3dwLWNvbnRlbnRcL3VwbG9hZHNcLzIwMjNcLzExXC9zYS16dXNhbW1lbnN0ZWxsdW5nLWV4cG9ydGllcmVuLmpwZyJ9\">\n\t\t\t\t\t\t\t<img loading=\"lazy\" width=\"1000\" height=\"800\" src=\"https:\/\/www.isolena.com\/wp-content\/uploads\/2023\/11\/sa-zusammenstellung-exportieren.jpg\" class=\"attachment-large size-large wp-image-48773\" alt=\"Zusammenstellung exportieren\" srcset=\"https:\/\/www.isolena.com\/wp-content\/uploads\/2023\/11\/sa-zusammenstellung-exportieren.jpg 1000w, https:\/\/www.isolena.com\/wp-content\/uploads\/2023\/11\/sa-zusammenstellung-exportieren-300x240.jpg 300w, https:\/\/www.isolena.com\/wp-content\/uploads\/2023\/11\/sa-zusammenstellung-exportieren-768x614.jpg 768w, https:\/\/www.isolena.com\/wp-content\/uploads\/2023\/11\/sa-zusammenstellung-exportieren-15x12.jpg 15w\" sizes=\"(max-width: 1000px) 100vw, 1000px\" \/>\t\t\t\t\t\t\t\t<\/a>\n\t\t\t\t\t\t\t\t\t\t\t\t\t\t\t<\/div>\n\t\t\t\t<\/div>\n\t\t\t\t<\/div>\n\t\t<div class=\"elementor-element elementor-element-5f84e146 e-con-full thegem-e-con-layout-elementor e-flex e-con e-child\" data-id=\"5f84e146\" data-element_type=\"container\" data-e-type=\"container\" data-settings=\"{&quot;background_background&quot;:&quot;classic&quot;,&quot;thegem_container_layout&quot;:&quot;elementor&quot;}\">\r\n\t\t\t\t<div class=\"elementor-element elementor-element-67a80d75 flex-horizontal-align-default flex-horizontal-align-tablet-default flex-horizontal-align-mobile-default flex-vertical-align-default flex-vertical-align-tablet-default flex-vertical-align-mobile-default elementor-widget elementor-widget-text-editor\" data-id=\"67a80d75\" data-element_type=\"widget\" data-e-type=\"widget\" data-widget_type=\"text-editor.default\">\n\t\t\t\t<div class=\"elementor-widget-container\">\n\t\t\t\t\t\t\t\t\t\t\t\t<div class=\"elementor-text-editor elementor-clearfix\">\r\n\t\t\t\t\t\t<p><strong>Exportieren<\/strong><\/p><p>Anschlie\u00dfend kannst du deinen Entwurf speichern und exportieren und so dein individuelles Akustikpaneel bei uns direkt bestellen oder gerne nochmals mit uns in Kontakt treten f\u00fcr eventuell offene Fragen.<\/p><p class=\"no-margin-bottom\">Um die Datei zu exportieren, w\u00e4hlst du \u201eDatei\u201c, \u201eExportieren als\u201c und \u201eJPG\u201c.<\/p>\t\t\t\t\t\t\t<\/div>\r\n\t\t\t\t\t\t\t\t\t\t<\/div>\n\t\t\t\t<\/div>\n\t\t\t\t<\/div>\n\t\t\t\t<\/div>\n\t\t<div class=\"elementor-element elementor-element-6130da82 thegem-e-con-layout-elementor e-flex e-con-boxed e-con e-parent\" data-id=\"6130da82\" data-element_type=\"container\" data-e-type=\"container\" data-settings=\"{&quot;thegem_container_layout&quot;:&quot;elementor&quot;}\">\r\n\t\t\t\t\t<div class=\"e-con-inner\">\r\n\t\t\t\t<div class=\"elementor-element elementor-element-2627d97f uael-heading-align-center flex-horizontal-align-default flex-horizontal-align-tablet-default flex-horizontal-align-mobile-default flex-vertical-align-default flex-vertical-align-tablet-default flex-vertical-align-mobile-default elementor-widget elementor-widget-uael-advanced-heading\" data-id=\"2627d97f\" data-element_type=\"widget\" data-e-type=\"widget\" data-widget_type=\"uael-advanced-heading.default\">\n\t\t\t\t<div class=\"elementor-widget-container\">\n\t\t\t\t\t\n\t\t<div class=\"uael-module-content uael-heading-wrapper\">\n\t\t\t\t\t\t<div class=\"uael-module-content uael-separator-parent\">\n\t\t\t\t\t\t\t\t<div class=\"uael-separator-wrap\">\n\t\t\t\t\t<div class=\"uael-separator-line uael-side-left\">\n\t\t\t\t\t\t<span><\/span>\n\t\t\t\t\t<\/div>\n\t\t\t\t\t<div class=\"uael-divider-content\">\n\t\t\t\t\t\t\t\t\t<div class=\"uael-module-content uael-imgicon-wrap elementor-animation-\">\t\t\t\t\t\t\t\t\t\t\t\t\t\t\t<div class=\"uael-icon-wrap\">\n\t\t\t\t\t\t\t\t<span class=\"uael-icon\">\n\t\t\t\t\t\t\t\t\t<svg aria-hidden=\"true\" class=\"e-font-icon-svg e-fas-ellipsis-h\" viewBox=\"0 0 512 512\" xmlns=\"http:\/\/www.w3.org\/2000\/svg\"><path d=\"M328 256c0 39.8-32.2 72-72 72s-72-32.2-72-72 32.2-72 72-72 72 32.2 72 72zm104-72c-39.8 0-72 32.2-72 72s32.2 72 72 72 72-32.2 72-72-32.2-72-72-72zm-352 0c-39.8 0-72 32.2-72 72s32.2 72 72 72 72-32.2 72-72-32.2-72-72-72z\"><\/path><\/svg>\n\t\t\t\t\t\t\t\t<\/span>\n\t\t\t\t\t\t\t<\/div>\n\t\t\t\t\t\t\t\n\t\t\t\t\t\t\t\t\t\t\t<\/div>\n\t\t\t\t\t\t\t\t\t\n\t\t\t\t\t<\/div>\n\t\t\t\t\t<div class=\"uael-separator-line uael-side-right\">\n\t\t\t\t\t\t<span><\/span>\n\t\t\t\t\t<\/div>\n\t\t\t\t<\/div>\n\t\t\t\t\t\t\t\t\t\t<\/div>\n\t\t\t\t\t\t\n\t\t\t<h2 class=\"uael-heading\">\n\t\t\t\t\t\t\t\t\t\t<span class=\"uael-heading-text elementor-inline-editing uael-size--default\" data-elementor-setting-key=\"heading_title\" data-elementor-inline-editing-toolbar=\"basic\">Videoanleitung<\/span>\n\t\t\t\t\t\t\t<\/h2>\n\n\t\t\t\n\t\t\t\n\t\t\t\n\t\t\t\t\t\t<\/div>\n\t\t\t\t\t\t<\/div>\n\t\t\t\t<\/div>\n\t\t\t\t\t<\/div>\n\t\t\t\t<\/div>\n\t\t<div class=\"elementor-element elementor-element-b917d57 thegem-e-con-layout-elementor e-flex e-con-boxed e-con e-parent\" data-id=\"b917d57\" data-element_type=\"container\" data-e-type=\"container\" data-settings=\"{&quot;thegem_container_layout&quot;:&quot;elementor&quot;}\">\r\n\t\t\t\t\t<div class=\"e-con-inner\">\r\n\t\t\t\t<div class=\"elementor-element elementor-element-1b91361 flex-horizontal-align-default flex-horizontal-align-tablet-default flex-horizontal-align-mobile-default flex-vertical-align-default flex-vertical-align-tablet-default flex-vertical-align-mobile-default elementor-widget elementor-widget-video\" data-id=\"1b91361\" data-element_type=\"widget\" data-e-type=\"widget\" data-settings=\"{&quot;youtube_url&quot;:&quot;https:\\\/\\\/youtu.be\\\/cFxchNhomGY&quot;,&quot;video_type&quot;:&quot;youtube&quot;,&quot;controls&quot;:&quot;yes&quot;}\" data-widget_type=\"video.default\">\n\t\t\t\t<div class=\"elementor-widget-container\">\n\t\t\t\t\t\t\t<div class=\"elementor-wrapper elementor-open-inline\">\n\t\t\t<div class=\"elementor-video\"><\/div>\t\t<\/div>\n\t\t\t\t\t\t<\/div>\n\t\t\t\t<\/div>\n\t\t\t\t<div class=\"elementor-element elementor-element-612a9ac flex-horizontal-align-default flex-horizontal-align-tablet-default flex-horizontal-align-mobile-default flex-vertical-align-default flex-vertical-align-tablet-default flex-vertical-align-mobile-default elementor-widget elementor-widget-text-editor\" data-id=\"612a9ac\" data-element_type=\"widget\" data-e-type=\"widget\" data-widget_type=\"text-editor.default\">\n\t\t\t\t<div class=\"elementor-widget-container\">\n\t\t\t\t\t\t\t\t\t\t\t\t<div class=\"elementor-text-editor elementor-clearfix\">\r\n\t\t\t\t\t\t<p style=\"text-align: left;\">Wie du siehst, sind bei uns auch bei Akustikpaneelen individuelle Zusammenstellungen m\u00f6glich. Wir freuen uns, unseren Kunden die M\u00f6glichkeit zu bieten, ihrer Kreativit\u00e4t freien Lauf zu lassen und die verschiedensten Filzfarben und Gr\u00f6\u00dfen der Akustikfilze zu kombinieren. Was wir tagt\u00e4glich verwenden, stellen wir dir ebenfalls als Werkzeug zur Verf\u00fcgung und laden dich ein, selbst erfinderisch zu werden und verschiedenste Paneel-Varianten auszuprobieren.<\/p>\t\t\t\t\t\t\t<\/div>\r\n\t\t\t\t\t\t\t\t\t\t<\/div>\n\t\t\t\t<\/div>\n\t\t\t\t\t<\/div>\n\t\t\t\t<\/div>\n\t\t<div class=\"elementor-element elementor-element-f128970 thegem-e-con-layout-elementor e-flex e-con-boxed e-con e-parent\" data-id=\"f128970\" data-element_type=\"container\" data-e-type=\"container\" data-settings=\"{&quot;thegem_container_layout&quot;:&quot;elementor&quot;}\">\r\n\t\t\t\t\t<div class=\"e-con-inner\">\r\n\t\t\t\t<div class=\"elementor-element elementor-element-18525f6 uael-heading-align-center flex-horizontal-align-default flex-horizontal-align-tablet-default flex-horizontal-align-mobile-default flex-vertical-align-default flex-vertical-align-tablet-default flex-vertical-align-mobile-default elementor-widget elementor-widget-uael-advanced-heading\" data-id=\"18525f6\" data-element_type=\"widget\" data-e-type=\"widget\" data-widget_type=\"uael-advanced-heading.default\">\n\t\t\t\t<div class=\"elementor-widget-container\">\n\t\t\t\t\t\n\t\t<div class=\"uael-module-content uael-heading-wrapper\">\n\t\t\t\t\t\t<div class=\"uael-module-content uael-separator-parent\">\n\t\t\t\t\t\t\t\t<div class=\"uael-separator-wrap\">\n\t\t\t\t\t<div class=\"uael-separator-line uael-side-left\">\n\t\t\t\t\t\t<span><\/span>\n\t\t\t\t\t<\/div>\n\t\t\t\t\t<div class=\"uael-divider-content\">\n\t\t\t\t\t\t\t\t\t<div class=\"uael-module-content uael-imgicon-wrap elementor-animation-\">\t\t\t\t\t\t\t\t\t\t\t\t\t\t\t<div class=\"uael-icon-wrap\">\n\t\t\t\t\t\t\t\t<span class=\"uael-icon\">\n\t\t\t\t\t\t\t\t\t<svg aria-hidden=\"true\" class=\"e-font-icon-svg e-fas-ellipsis-h\" viewBox=\"0 0 512 512\" xmlns=\"http:\/\/www.w3.org\/2000\/svg\"><path d=\"M328 256c0 39.8-32.2 72-72 72s-72-32.2-72-72 32.2-72 72-72 72 32.2 72 72zm104-72c-39.8 0-72 32.2-72 72s32.2 72 72 72 72-32.2 72-72-32.2-72-72-72zm-352 0c-39.8 0-72 32.2-72 72s32.2 72 72 72 72-32.2 72-72-32.2-72-72-72z\"><\/path><\/svg>\n\t\t\t\t\t\t\t\t<\/span>\n\t\t\t\t\t\t\t<\/div>\n\t\t\t\t\t\t\t\n\t\t\t\t\t\t\t\t\t\t\t<\/div>\n\t\t\t\t\t\t\t\t\t\n\t\t\t\t\t<\/div>\n\t\t\t\t\t<div class=\"uael-separator-line uael-side-right\">\n\t\t\t\t\t\t<span><\/span>\n\t\t\t\t\t<\/div>\n\t\t\t\t<\/div>\n\t\t\t\t\t\t\t\t\t\t<\/div>\n\t\t\t\t\t\t\n\t\t\t<h2 class=\"uael-heading\">\n\t\t\t\t\t\t\t\t\t\t<span class=\"uael-heading-text elementor-inline-editing uael-size--default\" data-elementor-setting-key=\"heading_title\" data-elementor-inline-editing-toolbar=\"basic\">Material zum Download<\/span>\n\t\t\t\t\t\t\t<\/h2>\n\n\t\t\t\n\t\t\t\n\t\t\t\n\t\t\t\t\t\t<\/div>\n\t\t\t\t\t\t<\/div>\n\t\t\t\t<\/div>\n\t\t\t\t\t<\/div>\n\t\t\t\t<\/div>\n\t\t<div class=\"elementor-element elementor-element-7d961748 thegem-e-con-layout-elementor e-flex e-con-boxed e-con e-child\" data-id=\"7d961748\" data-element_type=\"container\" data-e-type=\"container\" data-settings=\"{&quot;background_background&quot;:&quot;classic&quot;,&quot;thegem_container_layout&quot;:&quot;elementor&quot;}\">\r\n\t\t\t\t\t<div class=\"e-con-inner\">\r\n\t\t<div class=\"elementor-element elementor-element-24388970 e-con-full thegem-e-con-layout-elementor e-flex e-con e-child\" data-id=\"24388970\" data-element_type=\"container\" data-e-type=\"container\" data-settings=\"{&quot;background_background&quot;:&quot;classic&quot;,&quot;thegem_container_layout&quot;:&quot;elementor&quot;}\">\r\n\t\t\t\t<div class=\"elementor-element elementor-element-6174a0e5 flex-horizontal-align-default flex-horizontal-align-tablet-default flex-horizontal-align-mobile-default flex-vertical-align-default flex-vertical-align-tablet-default flex-vertical-align-mobile-default elementor-widget elementor-widget-image\" data-id=\"6174a0e5\" data-element_type=\"widget\" data-e-type=\"widget\" data-widget_type=\"image.default\">\n\t\t\t\t<div class=\"elementor-widget-container\">\n\t\t\t\t\t\t\t\t\t\t\t\t\t\t\t<img loading=\"lazy\" width=\"465\" height=\"352\" src=\"https:\/\/www.isolena.com\/wp-content\/uploads\/2023\/11\/sa-download.jpg\" class=\"attachment-large size-large wp-image-48782\" alt=\"Download\" srcset=\"https:\/\/www.isolena.com\/wp-content\/uploads\/2023\/11\/sa-download.jpg 465w, https:\/\/www.isolena.com\/wp-content\/uploads\/2023\/11\/sa-download-300x227.jpg 300w, https:\/\/www.isolena.com\/wp-content\/uploads\/2023\/11\/sa-download-16x12.jpg 16w\" sizes=\"(max-width: 465px) 100vw, 465px\" \/>\t\t\t\t\t\t\t\t\t\t\t\t\t\t\t<\/div>\n\t\t\t\t<\/div>\n\t\t\t\t<\/div>\n\t\t<div class=\"elementor-element elementor-element-4afa2861 e-con-full thegem-e-con-layout-elementor e-flex e-con e-child\" data-id=\"4afa2861\" data-element_type=\"container\" data-e-type=\"container\" data-settings=\"{&quot;background_background&quot;:&quot;classic&quot;,&quot;thegem_container_layout&quot;:&quot;elementor&quot;}\">\r\n\t\t\t\t<div class=\"elementor-element elementor-element-22107f32 flex-horizontal-align-default flex-horizontal-align-tablet-default flex-horizontal-align-mobile-default flex-vertical-align-default flex-vertical-align-tablet-default flex-vertical-align-mobile-default elementor-widget elementor-widget-text-editor\" data-id=\"22107f32\" data-element_type=\"widget\" data-e-type=\"widget\" data-widget_type=\"text-editor.default\">\n\t\t\t\t<div class=\"elementor-widget-container\">\n\t\t\t\t\t\t\t\t\t\t\t\t<div class=\"elementor-text-editor elementor-clearfix\">\r\n\t\t\t\t\t\t<p>\u00a0<\/p><p><strong>Lade dir jetzt draw.io mit unseren Bibliotheken runter und leg los!<\/strong><\/p><p>Die Datei hat eine Gr\u00f6\u00dfe von ca. 5,8 MB und ist als ZIP komprimiert. Sie beinhaltet eine Vorlage, die wir im draw.io zusammengestellt haben, sowie die Bibliotheken mit den Paneelen und Lamellen der Silentium Akustikfilze.<\/p>\t\t\t\t\t\t\t<\/div>\r\n\t\t\t\t\t\t\t\t\t\t<\/div>\n\t\t\t\t<\/div>\n\t\t\t\t<div class=\"elementor-element elementor-element-1f02e92 flex-horizontal-align-default flex-horizontal-align-tablet-default flex-horizontal-align-mobile-default flex-vertical-align-default flex-vertical-align-tablet-default flex-vertical-align-mobile-default elementor-widget elementor-widget-thegem-styledbutton\" data-id=\"1f02e92\" data-element_type=\"widget\" data-e-type=\"widget\" data-settings=\"{&quot;thegem_button_skin&quot;:&quot;flat&quot;}\" data-widget_type=\"thegem-styledbutton.default\">\n\t\t\t\t<div class=\"elementor-widget-container\">\n\t\t\t\t\t\n<div class=\"gem-button-container gem-widget-button\">\n\n\t\t<a class=\"gem-button gem-button-size-tiny gem-button-text-weight-bold gem-button-style-flat\" href=\"https:\/\/www.isolena.com\/wp-content\/uploads\/2024\/11\/Vorlage_SILENTUM_drawio.zip\">\n\t\t<span class=\"gem-inner-wrapper-btn\">\n\t\t\t\t\t\t<span class=\"gem-text-button\">\n\t\t\t\tDownload ZIP-Datei (Ca. 4MB)\t\t\t<\/span>\n\t\t<\/span>\n\t<\/a>\n\n\t\n<\/div>\t\t\t\t<\/div>\n\t\t\t\t<\/div>\n\t\t\t\t<\/div>\n\t\t\t\t\t<\/div>\n\t\t\t\t<\/div>\n\t\t\t\t<\/div>\n\t\t","protected":false},"excerpt":{"rendered":"<p>Du hast die M\u00f6glichkeit, deine Vorstellungen f\u00fcr Akustikmodule individuell zu konfigurieren. Wir haben eine Anleitung incl. Video erstellt, wie du mit dem Tool draw.io Akustikpaneele zusammenstellen kannst. <\/p>\n","protected":false},"author":1,"featured_media":48733,"comment_status":"closed","ping_status":"closed","sticky":false,"template":"","format":"standard","meta":{"footnotes":""},"categories":[210],"tags":[],"class_list":{"0":"post-48732","1":"post","2":"type-post","3":"status-publish","4":"format-standard","5":"has-post-thumbnail","7":"category-ratgeber"},"yoast_head":"<!-- This site is optimized with the Yoast SEO plugin v27.1.1 - https:\/\/yoast.com\/product\/yoast-seo-wordpress\/ -->\n<title>Silentum Akustik-Module konfigurieren | ISOLENA<\/title>\n<meta name=\"description\" content=\"Konfigurieren deine Akustikmodule \u270f\ufe0f Individuell \u2713 flexibel \u2713 handgemacht \u27a1\ufe0f Optimiere deine Raumakustik nach deinen W\u00fcnschen.\" \/>\n<meta name=\"robots\" content=\"index, follow, max-snippet:-1, max-image-preview:large, max-video-preview:-1\" \/>\n<link rel=\"canonical\" href=\"https:\/\/www.isolena.com\/de\/akustik-module-konfigurieren\/\" \/>\n<meta property=\"og:locale\" content=\"de_DE\" \/>\n<meta property=\"og:type\" content=\"article\" \/>\n<meta property=\"og:title\" content=\"Silentum Akustik-Module konfigurieren | ISOLENA\" \/>\n<meta property=\"og:description\" content=\"Konfigurieren deine Akustikmodule \u270f\ufe0f Individuell \u2713 flexibel \u2713 handgemacht \u27a1\ufe0f Optimiere deine Raumakustik nach deinen W\u00fcnschen.\" \/>\n<meta property=\"og:url\" content=\"https:\/\/www.isolena.com\/de\/akustik-module-konfigurieren\/\" \/>\n<meta property=\"og:site_name\" content=\"www.isolena.com\" \/>\n<meta property=\"article:publisher\" content=\"https:\/\/www.facebook.com\/lehnerwool\/\" \/>\n<meta property=\"article:published_time\" content=\"2023-11-19T10:54:46+00:00\" \/>\n<meta property=\"article:modified_time\" content=\"2025-02-20T17:23:40+00:00\" \/>\n<meta property=\"og:image\" content=\"https:\/\/www.isolena.com\/wp-content\/uploads\/2024\/11\/Teaser_Akustikmodule_konfigurieren_1.jpg\" \/>\n\t<meta property=\"og:image:width\" content=\"380\" \/>\n\t<meta property=\"og:image:height\" content=\"580\" \/>\n\t<meta property=\"og:image:type\" content=\"image\/jpeg\" \/>\n<meta name=\"author\" content=\"DigitalLehnerWool\" \/>\n<meta name=\"twitter:card\" content=\"summary_large_image\" \/>\n<meta name=\"twitter:label1\" content=\"Verfasst von\" \/>\n\t<meta name=\"twitter:data1\" content=\"DigitalLehnerWool\" \/>\n\t<meta name=\"twitter:label2\" content=\"Gesch\u00e4tzte Lesezeit\" \/>\n\t<meta name=\"twitter:data2\" content=\"5\u00a0Minuten\" \/>\n<script type=\"application\/ld+json\" class=\"yoast-schema-graph\">{\"@context\":\"https:\/\/schema.org\",\"@graph\":[{\"@type\":\"Article\",\"@id\":\"https:\/\/www.isolena.com\/akustik-module-konfigurieren\/#article\",\"isPartOf\":{\"@id\":\"https:\/\/www.isolena.com\/akustik-module-konfigurieren\/\"},\"author\":{\"name\":\"DigitalLehnerWool\",\"@id\":\"https:\/\/www.isolena.com\/de\/#\/schema\/person\/1a6fe34dcff16bb40fe929393ee3b838\"},\"headline\":\"Silentum Akustik-Module konfigurieren\",\"datePublished\":\"2023-11-19T10:54:46+00:00\",\"dateModified\":\"2025-02-20T17:23:40+00:00\",\"mainEntityOfPage\":{\"@id\":\"https:\/\/www.isolena.com\/akustik-module-konfigurieren\/\"},\"wordCount\":554,\"publisher\":{\"@id\":\"https:\/\/www.isolena.com\/de\/#organization\"},\"image\":{\"@id\":\"https:\/\/www.isolena.com\/akustik-module-konfigurieren\/#primaryimage\"},\"thumbnailUrl\":\"https:\/\/www.isolena.com\/wp-content\/uploads\/2024\/11\/Teaser_Akustikmodule_konfigurieren_1.jpg\",\"articleSection\":[\"Ratgeber\"],\"inLanguage\":\"de\"},{\"@type\":\"WebPage\",\"@id\":\"https:\/\/www.isolena.com\/akustik-module-konfigurieren\/\",\"url\":\"https:\/\/www.isolena.com\/akustik-module-konfigurieren\/\",\"name\":\"Silentum Akustik-Module konfigurieren | ISOLENA\",\"isPartOf\":{\"@id\":\"https:\/\/www.isolena.com\/de\/#website\"},\"primaryImageOfPage\":{\"@id\":\"https:\/\/www.isolena.com\/akustik-module-konfigurieren\/#primaryimage\"},\"image\":{\"@id\":\"https:\/\/www.isolena.com\/akustik-module-konfigurieren\/#primaryimage\"},\"thumbnailUrl\":\"https:\/\/www.isolena.com\/wp-content\/uploads\/2024\/11\/Teaser_Akustikmodule_konfigurieren_1.jpg\",\"datePublished\":\"2023-11-19T10:54:46+00:00\",\"dateModified\":\"2025-02-20T17:23:40+00:00\",\"description\":\"Konfigurieren deine Akustikmodule \u270f\ufe0f Individuell \u2713 flexibel \u2713 handgemacht \u27a1\ufe0f Optimiere deine Raumakustik nach deinen W\u00fcnschen.\",\"breadcrumb\":{\"@id\":\"https:\/\/www.isolena.com\/akustik-module-konfigurieren\/#breadcrumb\"},\"inLanguage\":\"de\",\"potentialAction\":[{\"@type\":\"ReadAction\",\"target\":[\"https:\/\/www.isolena.com\/akustik-module-konfigurieren\/\"]}]},{\"@type\":\"ImageObject\",\"inLanguage\":\"de\",\"@id\":\"https:\/\/www.isolena.com\/akustik-module-konfigurieren\/#primaryimage\",\"url\":\"https:\/\/www.isolena.com\/wp-content\/uploads\/2024\/11\/Teaser_Akustikmodule_konfigurieren_1.jpg\",\"contentUrl\":\"https:\/\/www.isolena.com\/wp-content\/uploads\/2024\/11\/Teaser_Akustikmodule_konfigurieren_1.jpg\",\"width\":380,\"height\":580},{\"@type\":\"BreadcrumbList\",\"@id\":\"https:\/\/www.isolena.com\/akustik-module-konfigurieren\/#breadcrumb\",\"itemListElement\":[{\"@type\":\"ListItem\",\"position\":1,\"name\":\"Home\",\"item\":\"https:\/\/www.isolena.com\/\"},{\"@type\":\"ListItem\",\"position\":2,\"name\":\"Magazin\",\"item\":\"https:\/\/www.isolena.com\/magazin\/\"},{\"@type\":\"ListItem\",\"position\":3,\"name\":\"Ratgeber\",\"item\":\"https:\/\/www.isolena.com\/magazin\/ratgeber\/\"},{\"@type\":\"ListItem\",\"position\":4,\"name\":\"Silentum Akustik-Module konfigurieren\"}]},{\"@type\":\"WebSite\",\"@id\":\"https:\/\/www.isolena.com\/de\/#website\",\"url\":\"https:\/\/www.isolena.com\/de\/\",\"name\":\"ISOLENA - Schafwolld\u00e4mmung\",\"description\":\"\",\"publisher\":{\"@id\":\"https:\/\/www.isolena.com\/de\/#organization\"},\"potentialAction\":[{\"@type\":\"SearchAction\",\"target\":{\"@type\":\"EntryPoint\",\"urlTemplate\":\"https:\/\/www.isolena.com\/de\/?s={search_term_string}\"},\"query-input\":{\"@type\":\"PropertyValueSpecification\",\"valueRequired\":true,\"valueName\":\"search_term_string\"}}],\"inLanguage\":\"de\"},{\"@type\":\"Organization\",\"@id\":\"https:\/\/www.isolena.com\/de\/#organization\",\"name\":\"ISOLENA Naturfaservliese GmbH\",\"url\":\"https:\/\/www.isolena.com\/de\/\",\"logo\":{\"@type\":\"ImageObject\",\"inLanguage\":\"de\",\"@id\":\"https:\/\/www.isolena.com\/de\/#\/schema\/logo\/image\/\",\"url\":\"https:\/\/www.isolena.com\/wp-content\/uploads\/2025\/02\/isolena-logo-bubble.png\",\"contentUrl\":\"https:\/\/www.isolena.com\/wp-content\/uploads\/2025\/02\/isolena-logo-bubble.png\",\"width\":400,\"height\":235,\"caption\":\"ISOLENA Naturfaservliese GmbH\"},\"image\":{\"@id\":\"https:\/\/www.isolena.com\/de\/#\/schema\/logo\/image\/\"},\"sameAs\":[\"https:\/\/www.facebook.com\/lehnerwool\/\",\"https:\/\/www.youtube.com\/user\/LehnerWolle3\",\"https:\/\/www.instagram.com\/lehnerwool\/\"]},{\"@type\":\"Person\",\"@id\":\"https:\/\/www.isolena.com\/de\/#\/schema\/person\/1a6fe34dcff16bb40fe929393ee3b838\",\"name\":\"DigitalLehnerWool\",\"sameAs\":[\"https:\/\/www.isolena.com\"]}]}<\/script>\n<!-- \/ Yoast SEO plugin. -->","yoast_head_json":{"title":"Silentum Akustik-Module konfigurieren | ISOLENA","description":"Konfigurieren deine Akustikmodule \u270f\ufe0f Individuell \u2713 flexibel \u2713 handgemacht \u27a1\ufe0f Optimiere deine Raumakustik nach deinen W\u00fcnschen.","robots":{"index":"index","follow":"follow","max-snippet":"max-snippet:-1","max-image-preview":"max-image-preview:large","max-video-preview":"max-video-preview:-1"},"canonical":"https:\/\/www.isolena.com\/de\/akustik-module-konfigurieren\/","og_locale":"de_DE","og_type":"article","og_title":"Silentum Akustik-Module konfigurieren | ISOLENA","og_description":"Konfigurieren deine Akustikmodule \u270f\ufe0f Individuell \u2713 flexibel \u2713 handgemacht \u27a1\ufe0f Optimiere deine Raumakustik nach deinen W\u00fcnschen.","og_url":"https:\/\/www.isolena.com\/de\/akustik-module-konfigurieren\/","og_site_name":"www.isolena.com","article_publisher":"https:\/\/www.facebook.com\/lehnerwool\/","article_published_time":"2023-11-19T10:54:46+00:00","article_modified_time":"2025-02-20T17:23:40+00:00","og_image":[{"width":380,"height":580,"url":"https:\/\/www.isolena.com\/wp-content\/uploads\/2024\/11\/Teaser_Akustikmodule_konfigurieren_1.jpg","type":"image\/jpeg"}],"author":"DigitalLehnerWool","twitter_card":"summary_large_image","twitter_misc":{"Verfasst von":"DigitalLehnerWool","Gesch\u00e4tzte Lesezeit":"5\u00a0Minuten"},"schema":{"@context":"https:\/\/schema.org","@graph":[{"@type":"Article","@id":"https:\/\/www.isolena.com\/akustik-module-konfigurieren\/#article","isPartOf":{"@id":"https:\/\/www.isolena.com\/akustik-module-konfigurieren\/"},"author":{"name":"DigitalLehnerWool","@id":"https:\/\/www.isolena.com\/de\/#\/schema\/person\/1a6fe34dcff16bb40fe929393ee3b838"},"headline":"Silentum Akustik-Module konfigurieren","datePublished":"2023-11-19T10:54:46+00:00","dateModified":"2025-02-20T17:23:40+00:00","mainEntityOfPage":{"@id":"https:\/\/www.isolena.com\/akustik-module-konfigurieren\/"},"wordCount":554,"publisher":{"@id":"https:\/\/www.isolena.com\/de\/#organization"},"image":{"@id":"https:\/\/www.isolena.com\/akustik-module-konfigurieren\/#primaryimage"},"thumbnailUrl":"https:\/\/www.isolena.com\/wp-content\/uploads\/2024\/11\/Teaser_Akustikmodule_konfigurieren_1.jpg","articleSection":["Ratgeber"],"inLanguage":"de"},{"@type":"WebPage","@id":"https:\/\/www.isolena.com\/akustik-module-konfigurieren\/","url":"https:\/\/www.isolena.com\/akustik-module-konfigurieren\/","name":"Silentum Akustik-Module konfigurieren | ISOLENA","isPartOf":{"@id":"https:\/\/www.isolena.com\/de\/#website"},"primaryImageOfPage":{"@id":"https:\/\/www.isolena.com\/akustik-module-konfigurieren\/#primaryimage"},"image":{"@id":"https:\/\/www.isolena.com\/akustik-module-konfigurieren\/#primaryimage"},"thumbnailUrl":"https:\/\/www.isolena.com\/wp-content\/uploads\/2024\/11\/Teaser_Akustikmodule_konfigurieren_1.jpg","datePublished":"2023-11-19T10:54:46+00:00","dateModified":"2025-02-20T17:23:40+00:00","description":"Konfigurieren deine Akustikmodule \u270f\ufe0f Individuell \u2713 flexibel \u2713 handgemacht \u27a1\ufe0f Optimiere deine Raumakustik nach deinen W\u00fcnschen.","breadcrumb":{"@id":"https:\/\/www.isolena.com\/akustik-module-konfigurieren\/#breadcrumb"},"inLanguage":"de","potentialAction":[{"@type":"ReadAction","target":["https:\/\/www.isolena.com\/akustik-module-konfigurieren\/"]}]},{"@type":"ImageObject","inLanguage":"de","@id":"https:\/\/www.isolena.com\/akustik-module-konfigurieren\/#primaryimage","url":"https:\/\/www.isolena.com\/wp-content\/uploads\/2024\/11\/Teaser_Akustikmodule_konfigurieren_1.jpg","contentUrl":"https:\/\/www.isolena.com\/wp-content\/uploads\/2024\/11\/Teaser_Akustikmodule_konfigurieren_1.jpg","width":380,"height":580},{"@type":"BreadcrumbList","@id":"https:\/\/www.isolena.com\/akustik-module-konfigurieren\/#breadcrumb","itemListElement":[{"@type":"ListItem","position":1,"name":"Home","item":"https:\/\/www.isolena.com\/"},{"@type":"ListItem","position":2,"name":"Magazin","item":"https:\/\/www.isolena.com\/magazin\/"},{"@type":"ListItem","position":3,"name":"Ratgeber","item":"https:\/\/www.isolena.com\/magazin\/ratgeber\/"},{"@type":"ListItem","position":4,"name":"Silentum Akustik-Module konfigurieren"}]},{"@type":"WebSite","@id":"https:\/\/www.isolena.com\/de\/#website","url":"https:\/\/www.isolena.com\/de\/","name":"ISOLENA - Schafwolld\u00e4mmung","description":"","publisher":{"@id":"https:\/\/www.isolena.com\/de\/#organization"},"potentialAction":[{"@type":"SearchAction","target":{"@type":"EntryPoint","urlTemplate":"https:\/\/www.isolena.com\/de\/?s={search_term_string}"},"query-input":{"@type":"PropertyValueSpecification","valueRequired":true,"valueName":"search_term_string"}}],"inLanguage":"de"},{"@type":"Organization","@id":"https:\/\/www.isolena.com\/de\/#organization","name":"ISOLENA Naturfaservliese GmbH","url":"https:\/\/www.isolena.com\/de\/","logo":{"@type":"ImageObject","inLanguage":"de","@id":"https:\/\/www.isolena.com\/de\/#\/schema\/logo\/image\/","url":"https:\/\/www.isolena.com\/wp-content\/uploads\/2025\/02\/isolena-logo-bubble.png","contentUrl":"https:\/\/www.isolena.com\/wp-content\/uploads\/2025\/02\/isolena-logo-bubble.png","width":400,"height":235,"caption":"ISOLENA Naturfaservliese GmbH"},"image":{"@id":"https:\/\/www.isolena.com\/de\/#\/schema\/logo\/image\/"},"sameAs":["https:\/\/www.facebook.com\/lehnerwool\/","https:\/\/www.youtube.com\/user\/LehnerWolle3","https:\/\/www.instagram.com\/lehnerwool\/"]},{"@type":"Person","@id":"https:\/\/www.isolena.com\/de\/#\/schema\/person\/1a6fe34dcff16bb40fe929393ee3b838","name":"DigitalLehnerWool","sameAs":["https:\/\/www.isolena.com"]}]}},"menu_order":30,"_links":{"self":[{"href":"https:\/\/www.isolena.com\/de\/wp-json\/wp\/v2\/posts\/48732","targetHints":{"allow":["GET"]}}],"collection":[{"href":"https:\/\/www.isolena.com\/de\/wp-json\/wp\/v2\/posts"}],"about":[{"href":"https:\/\/www.isolena.com\/de\/wp-json\/wp\/v2\/types\/post"}],"author":[{"embeddable":true,"href":"https:\/\/www.isolena.com\/de\/wp-json\/wp\/v2\/users\/1"}],"replies":[{"embeddable":true,"href":"https:\/\/www.isolena.com\/de\/wp-json\/wp\/v2\/comments?post=48732"}],"version-history":[{"count":26,"href":"https:\/\/www.isolena.com\/de\/wp-json\/wp\/v2\/posts\/48732\/revisions"}],"predecessor-version":[{"id":51294,"href":"https:\/\/www.isolena.com\/de\/wp-json\/wp\/v2\/posts\/48732\/revisions\/51294"}],"wp:featuredmedia":[{"embeddable":true,"href":"https:\/\/www.isolena.com\/de\/wp-json\/wp\/v2\/media\/48733"}],"wp:attachment":[{"href":"https:\/\/www.isolena.com\/de\/wp-json\/wp\/v2\/media?parent=48732"}],"wp:term":[{"taxonomy":"category","embeddable":true,"href":"https:\/\/www.isolena.com\/de\/wp-json\/wp\/v2\/categories?post=48732"},{"taxonomy":"post_tag","embeddable":true,"href":"https:\/\/www.isolena.com\/de\/wp-json\/wp\/v2\/tags?post=48732"}],"curies":[{"name":"wp","href":"https:\/\/api.w.org\/{rel}","templated":true}]}}